[{"@context":"https:\/\/schema.org\/","@type":"Article","@id":"https:\/\/www.durit.cz\/obleceni-na-kolo\/#Article","mainEntityOfPage":"https:\/\/www.durit.cz\/obleceni-na-kolo\/","headline":"Oble\u010den\u00ed na kolo","name":"Oble\u010den\u00ed na kolo","description":"Tak\u00e9 chcete chodit kr\u00e1sn\u011b a modern\u011b obl\u00e9kan\u00ed? Pokud ano, tak se v\u00e1m nediv\u00edm. Je opravdu hodn\u011b lid\u00ed, kte\u0159\u00ed cht\u011bj\u00ed chodit&hellip;","datePublished":"2025-02-20","dateModified":"2025-02-20","author":{"@type":"Person","@id":"https:\/\/www.durit.cz\/author\/#Person","name":"","url":"https:\/\/www.durit.cz\/author\/","identifier":1,"image":{"@type":"ImageObject","@id":"https:\/\/secure.gravatar.com\/avatar\/858bd846075fd5b8b1d4245db80ad7e97c5f6469ebe7a8ed193790395667b9ae?s=96&d=mm&r=g","url":"https:\/\/secure.gravatar.com\/avatar\/858bd846075fd5b8b1d4245db80ad7e97c5f6469ebe7a8ed193790395667b9ae?s=96&d=mm&r=g","height":96,"width":96}},"publisher":{"@type":"Organization","name":"durit.cz","logo":{"@type":"ImageObject","@id":"\/logo.png","url":"\/logo.png","width":600,"height":60}},"image":{"@type":"ImageObject","@id":"https:\/\/www.durit.cz\/wp-content\/uploads\/cycling-1555983_640.jpg","url":"https:\/\/www.durit.cz\/wp-content\/uploads\/cycling-1555983_640.jpg","height":0,"width":0},"url":"https:\/\/www.durit.cz\/obleceni-na-kolo\/","about":["N\u00e1kupy"],"wordCount":417,"articleBody":"        Tak\u00e9 chcete chodit kr\u00e1sn\u011b a modern\u011b obl\u00e9kan\u00ed? Pokud ano, tak se v\u00e1m nediv\u00edm. Je opravdu hodn\u011b lid\u00ed, kte\u0159\u00ed cht\u011bj\u00ed chodit obl\u00e9kan\u00ed tak, aby se jim to l\u00edbilo a hlavn\u011b, aby se c\u00edtily pohodln\u011b, proto\u017ee pokud se lid\u00e9 nebudou c\u00edtit pohodln\u011b, tak je to podle m\u00e9ho n\u00e1zoru. Opravdu \u0161koda, \u017ee je to smutn\u00e9 a nejhor\u0161\u00ed je. Pokud t\u0159eba hodn\u011b sportujete a budete m\u00edt na sob\u011b nekvalitn\u00ed oble\u010den\u00ed, kter\u00e9 v\u00e1m bude p\u0159ek\u00e1\u017eet. J\u00e1 m\u00e1m r\u00e1da opravdu kvalitn\u00ed oble\u010den\u00ed od zna\u010dky silvini gela maj\u00ed opravdu perfektn\u00ed oble\u010den\u00ed a hlavn\u011b cyklobundy. Cyklo bundu vyu\u017e\u00edv\u00e1m velice \u010dasto, proto\u017ee m\u00e1m kr\u00e1sn\u00e9 kolo a r\u00e1da jezd\u00edm na kole.Silvini gela je kvalitn\u00ed zna\u010dka Opravdu se v\u00e1m vyplat\u00ed investovat do kvalitn\u00edho sportovn\u00edho oble\u010den\u00ed? I do kvalitn\u00edho cyklistick\u00e9ho oble\u010den\u00ed. J\u00e1 sama jsem s touhle zna\u010dkou silvini gela maxim\u00e1ln\u011b spokojen\u00e1 IS jejich kr\u00e1snou cyklistickou bundou cyklo bundy vyu\u017e\u00edv\u00e1m \u010dasto a nem\u00e1m jenom jednu, ale m\u00e1m t\u011bchto cyklistick\u00fdch bund v\u00edce. M\u016fj partner si tak\u00e9 po\u0159\u00eddil u\u017e nov\u00e9 kolo, tak\u00e9 b\u011bh\u00e1. A tak si po\u0159\u00eddil opravdu kr\u00e1sn\u00e9 sportovn\u00ed oble\u010den\u00ed a tak\u00e9 nov\u00e9 sportovn\u00ed boty. Dal za to opravdu hodn\u011b pen\u011bz, ale s\u00e1m \u0159\u00edkal, \u017ee toho v\u016fbec nelituje. Mysl\u00edm si, \u017ee i kdy\u017e vy si najdete odvahu a budete investovat do kvalitn\u00edho oble\u010den\u00ed, tak samoz\u0159ejm\u011b \u017ee ud\u011bl\u00e1te dob\u0159e, nen\u00ed nad kvalitu. Jsou ale potom i lid\u00e9, kte\u0159\u00ed sp\u00ed\u0161e daj\u00ed na to, aby m\u011bli kvantitu ne\u017e kvalitu. J\u00e1 jsem ale na tohle opravdu hodn\u011b h\u00e1kliv\u00e1. J\u00e1 rad\u0161i d\u00e1v\u00e1m na kvalitu, proto\u017ee kvalitn\u00edch v\u00fdrobk\u016f nen\u00ed p\u0159eci nikdy dost. Bez kvality j\u00e1 osobn\u011b bych se neobe\u0161la, a proto jsem r\u00e1da, \u017ee zna\u010dka silvini gela je tak\u00e9 norm\u00e1ln\u011b dostupn\u00e1 na internetu. Tak\u017ee si tuhle zna\u010dku m\u016f\u017eete koupit norm\u00e1ln\u011b online a mysl\u00edm si, \u017ee s n\u00ed budete opravdu tak\u00e9 maxim\u00e1ln\u011b spokojeni. Spokojen\u00ed tak, jako jsem j\u00e1 a jak je tak\u00e9 m\u016fj partner. N\u00e1\u0161 mal\u00fd syn u\u017e tak\u00e9 se u\u010d\u00ed jezdit na kole a v\u00edme, \u017ee mu tak\u00e9 po\u0159\u00edd\u00edme opravdu moc kvalitn\u00ed sportovn\u00ed oble\u010den\u00ed, hlavn\u011b pro mal\u00e9 d\u011bti je to moc d\u016fle\u017eit\u00e9.                                                                                                                                                                                                                                                                                                                                                                                           4.5\/5 - (2 votes)        "},{"@context":"https:\/\/schema.org\/","@type":"BreadcrumbList","itemListElement":[{"@type":"ListItem","position":1,"name":"Oble\u010den\u00ed na kolo","item":"https:\/\/www.durit.cz\/obleceni-na-kolo\/#breadcrumbitem"}]}]